{"id":797,"date":"2023-10-17T13:02:53","date_gmt":"2023-10-17T13:02:53","guid":{"rendered":"https:\/\/gruene-graben-neudorf.de\/?p=797"},"modified":"2023-10-17T13:02:54","modified_gmt":"2023-10-17T13:02:54","slug":"vor-ort-mit-staatssekretaer-dr-andre-baumann","status":"publish","type":"post","link":"https:\/\/gruene-graben-neudorf.de\/?p=797","title":{"rendered":"VOR ORT mit Staatssekret\u00e4r Dr. Andre Baumann"},"content":{"rendered":"\n<figure class=\"wp-block-table\"><table><tbody><tr><td><strong>Montag, 23. Oktober 2023 19.00 Uhr<\/strong><\/td><\/tr><tr><td>\u00a0<strong>Kreisverband Karlsruhe-Land<\/strong><\/td><\/tr><tr><td> <strong>\u00a0Ort:<\/strong>\u00a0Zehntscheuer Karlsdorf-Neuthard Kronenstr. 1<\/td><\/tr><\/tbody><\/table><\/figure>\n\n\n\n<p>Das Badener Land ist eine der hei\u00dfesten Regionen unseres Landes. Klar, das liegt an den Menschen<br>und wir sind von der Sonne verw\u00f6hnt. Aber im badischen Oberrheingraben gibt es in drei bis vier<br>Kilometern Tiefe ergiebige Thermalw\u00e4sser, die zu den hei\u00dfesten in Mitteleuropa z\u00e4hlen!<br>Hunderttausende von Haushalten k\u00f6nnen mit Tiefengeothermie \u00fcber W\u00e4rmenetze versorgt werden<br>\u2013 g\u00fcnstig, klima- und umweltfreundlich und nat\u00fcrlich sicher. Dies wird in Bruchsal seit vielen Jahren<br>erfolgreich gemacht; auch in vielen anderen Regionen weltweit.<br>Der Gr\u00fcne Kreisverband Karlsruhe-Land l\u00e4dt zu einem Informations- und Diskussionsabend rund um<br>die Nutzung der Erdw\u00e4rme am 23. Oktober 2023 um 19:00 in der Zehntscheuer in Karlsdorf-<br>Neuthard ein.<br>Der aus Schwetzingen stammende Staatssekret\u00e4r Dr. Andre Baumann wird in einem Vortrag<br>berichten, welches Potenzial die Geothermie im Oberrheingraben hat, wie Erdw\u00e4rme sicher und<br>umweltfreundlich genutzt werden kann, wie der Fahrplan f\u00fcr die n\u00e4chsten Jahre aussieht und wie<br>das Land Baden-W\u00fcrttemberg daf\u00fcr sorgt, dass die Nutzung so sicher wie m\u00f6glich f\u00fcr Mensch, Natur<br>und Umwelt stattfindet.<\/p>\n\n\n\n<p><\/p>\n","protected":false},"excerpt":{"rendered":"<p>Montag, 23. Oktober 2023 19.00 Uhr \u00a0Kreisverband Karlsruhe-Land \u00a0Ort:\u00a0Zehntscheuer Karlsdorf-Neuthard Kronenstr. 1 Das Badener Land ist eine der hei\u00dfesten Regionen unseres Landes. Klar, das liegt an den Menschenund wir sind [&hellip;]<\/p>\n","protected":false},"author":-1,"featured_media":795,"comment_status":"closed","ping_status":"open","sticky":false,"template":"","format":"standard","meta":{"footnotes":""},"categories":[1],"tags":[],"class_list":["post-797","post","type-post","status-publish","format-standard","has-post-thumbnail","hentry","category-aktuelles"],"_links":{"self":[{"href":"https:\/\/gruene-graben-neudorf.de\/index.php?rest_route=\/wp\/v2\/posts\/797","targetHints":{"allow":["GET"]}}],"collection":[{"href":"https:\/\/gruene-graben-neudorf.de\/index.php?rest_route=\/wp\/v2\/posts"}],"about":[{"href":"https:\/\/gruene-graben-neudorf.de\/index.php?rest_route=\/wp\/v2\/types\/post"}],"author":[{"embeddable":true,"href":"https:\/\/gruene-graben-neudorf.de\/index.php?rest_route=\/wp\/v2\/users\/1"}],"replies":[{"embeddable":true,"href":"https:\/\/gruene-graben-neudorf.de\/index.php?rest_route=%2Fwp%2Fv2%2Fcomments&post=797"}],"version-history":[{"count":1,"href":"https:\/\/gruene-graben-neudorf.de\/index.php?rest_route=\/wp\/v2\/posts\/797\/revisions"}],"predecessor-version":[{"id":798,"href":"https:\/\/gruene-graben-neudorf.de\/index.php?rest_route=\/wp\/v2\/posts\/797\/revisions\/798"}],"wp:featuredmedia":[{"embeddable":true,"href":"https:\/\/gruene-graben-neudorf.de\/index.php?rest_route=\/wp\/v2\/media\/795"}],"wp:attachment":[{"href":"https:\/\/gruene-graben-neudorf.de\/index.php?rest_route=%2Fwp%2Fv2%2Fmedia&parent=797"}],"wp:term":[{"taxonomy":"category","embeddable":true,"href":"https:\/\/gruene-graben-neudorf.de\/index.php?rest_route=%2Fwp%2Fv2%2Fcategories&post=797"},{"taxonomy":"post_tag","embeddable":true,"href":"https:\/\/gruene-graben-neudorf.de\/index.php?rest_route=%2Fwp%2Fv2%2Ftags&post=797"}],"curies":[{"name":"wp","href":"https:\/\/api.w.org\/{rel}","templated":true}]}}