{"id":482,"date":"2021-07-25T07:34:46","date_gmt":"2021-07-25T07:34:46","guid":{"rendered":"https:\/\/gruene-graben-neudorf.de\/?p=482"},"modified":"2021-07-27T07:46:48","modified_gmt":"2021-07-27T07:46:48","slug":"endlich-graben-neudorf-tritt-der-sozialregion-karlsruhe-bei","status":"publish","type":"post","link":"https:\/\/gruene-graben-neudorf.de\/?p=482","title":{"rendered":"Endlich \u2013 Graben-Neudorf tritt der SozialRegion Karlsruhe bei !"},"content":{"rendered":"\n<p>In Anlehnung an das Konzept der Stadt Karlsruhe,<br>mit dem \u201eKarlsruher-Pass\u201c f\u00fcr einkommensschwache Haushalte<br>Teilhabe am gesellschaftlichen Leben in Form von Zusch\u00fcssen und Verg\u00fcnstigungen zu f\u00f6rdern,<br>pl\u00e4dierten die GR\u00dcNEN bereits 2009 in ihrer Rede zum Haushalt 2010 daf\u00fcr, auch in Graben-Neudorf einen Pass nach diesem Modell einzuf\u00fchren.<br>F\u00fcr den Haushaltsplan 2014 fand unser Antrag endlich ausreichend Unterst\u00fctzung,<br>und im Februar 2014 wurde die Einf\u00fchrung des Graben-Neudorf-Passes beschlossen,<br>mit dem inzwischen schon zahlreiche Familien unterst\u00fctzt werden konnten.<br>Leider handelte es sich dabei nur um eine sehr abgespeckte Version unseres urspr\u00fcnglichen Antrags.<br>Obwohl wir in den Folgejahren einige Erweiterungen des Angebots einbringen konnten,<br>fanden wir nur wenig Unterst\u00fctzung f\u00fcr unser Anliegen,<br>dass auch Haushalte miteinbezogen werden, deren Einkommen knapp \u00fcber der Bemessungsgrenze zur Bewilligung von staatlichen Transferleistungen liegt und die daher nicht von den vielf\u00e4ltigen F\u00f6rderleistungen zur sozialen Teilhabe profitieren.<br>Ebenso fand damals unser Antrag keine Mehrheit, der bereits etablierten SozialRegion Karlsruhe beizutreten.<br><br>Dank unserer Beharrlichkeit befasste man sich dann 2017 erstmals mit dem Konzept der SozialRegion Karlsruhe.<br>Doch erst 2019 stimmte eine Mehrheit im Gemeinderat unserem Antrag zu.<br>Umso mehr freuen wir uns nun \u00fcber das eindeutige Votum des gesamten Gemeinderats,<br>dass Graben-Neudorf sp\u00e4testens zum 1.1.2022 der Sozialregion Karlsruhe beitreten soll.<br>Dank der gro\u00dfen Geschlossenheit des Gemeinderats wird es nun nicht nur das Pass-Angebot f\u00fcr Kinder,<br>sondern auch f\u00fcr Erwachsene und Senioren geben, welches auch Zusch\u00fcsse f\u00fcr KVV-Fahrkarten beinhaltet.<\/p>\n\n\n\n<p><\/p>\n\n\n\n<p>Weitere Informationen:<\/p>\n\n\n\n<p>Der <a href=\"https:\/\/karlsruher-pass.de\/\" data-type=\"URL\" data-id=\"https:\/\/karlsruher-pass.de\/\" target=\"_blank\" rel=\"noreferrer noopener\">Karlsruher-Pass<\/a><\/p>\n\n\n\n<p>Die <a href=\"https:\/\/karlsruher-pass.de\/sozialregion\" data-type=\"URL\" data-id=\"https:\/\/karlsruher-pass.de\/sozialregion\" target=\"_blank\" rel=\"noreferrer noopener\">Sozialregion<\/a><\/p>\n","protected":false},"excerpt":{"rendered":"<p>In Anlehnung an das Konzept der Stadt Karlsruhe,mit dem \u201eKarlsruher-Pass\u201c f\u00fcr einkommensschwache HaushalteTeilhabe am gesellschaftlichen Leben in Form von Zusch\u00fcssen und Verg\u00fcnstigungen zu f\u00f6rdern,pl\u00e4dierten die GR\u00dcNEN bereits 2009 in ihrer [&hellip;]<\/p>\n","protected":false},"author":-1,"featured_media":485,"comment_status":"closed","ping_status":"closed","sticky":false,"template":"","format":"standard","meta":{"footnotes":""},"categories":[5],"tags":[],"class_list":["post-482","post","type-post","status-publish","format-standard","has-post-thumbnail","hentry","category-gemeindefraktion"],"_links":{"self":[{"href":"https:\/\/gruene-graben-neudorf.de\/index.php?rest_route=\/wp\/v2\/posts\/482","targetHints":{"allow":["GET"]}}],"collection":[{"href":"https:\/\/gruene-graben-neudorf.de\/index.php?rest_route=\/wp\/v2\/posts"}],"about":[{"href":"https:\/\/gruene-graben-neudorf.de\/index.php?rest_route=\/wp\/v2\/types\/post"}],"author":[{"embeddable":true,"href":"https:\/\/gruene-graben-neudorf.de\/index.php?rest_route=\/wp\/v2\/users\/1"}],"replies":[{"embeddable":true,"href":"https:\/\/gruene-graben-neudorf.de\/index.php?rest_route=%2Fwp%2Fv2%2Fcomments&post=482"}],"version-history":[{"count":4,"href":"https:\/\/gruene-graben-neudorf.de\/index.php?rest_route=\/wp\/v2\/posts\/482\/revisions"}],"predecessor-version":[{"id":489,"href":"https:\/\/gruene-graben-neudorf.de\/index.php?rest_route=\/wp\/v2\/posts\/482\/revisions\/489"}],"wp:featuredmedia":[{"embeddable":true,"href":"https:\/\/gruene-graben-neudorf.de\/index.php?rest_route=\/wp\/v2\/media\/485"}],"wp:attachment":[{"href":"https:\/\/gruene-graben-neudorf.de\/index.php?rest_route=%2Fwp%2Fv2%2Fmedia&parent=482"}],"wp:term":[{"taxonomy":"category","embeddable":true,"href":"https:\/\/gruene-graben-neudorf.de\/index.php?rest_route=%2Fwp%2Fv2%2Fcategories&post=482"},{"taxonomy":"post_tag","embeddable":true,"href":"https:\/\/gruene-graben-neudorf.de\/index.php?rest_route=%2Fwp%2Fv2%2Ftags&post=482"}],"curies":[{"name":"wp","href":"https:\/\/api.w.org\/{rel}","templated":true}]}}