{"id":1173,"date":"2025-10-21T10:51:36","date_gmt":"2025-10-21T08:51:36","guid":{"rendered":"https:\/\/gruene-graben-neudorf.de\/?p=1173"},"modified":"2026-03-22T10:38:56","modified_gmt":"2026-03-22T09:38:56","slug":"klimaquartier-neue-mitte-ein-beitrag-zur-waermewende","status":"publish","type":"post","link":"https:\/\/gruene-graben-neudorf.de\/?p=1173","title":{"rendered":"Klimaquartier \u201eNeue Mitte\u201c- ein Beitrag zur W\u00e4rmewende"},"content":{"rendered":"\n<p>Zur Inbetriebnahmen des Klimaquartiers Neue Mitte fand im Graben-Neudorfer Beratungszentrum der Sparkasse Karlsruhe in der Hauptstr. 16 am 18.Oktober eine feierliche Projekt-Pr\u00e4sentation statt.<br>Als Gewinner der Ausschreibung zur Entwicklung der \u201eNeuen Mitte\u201c, war die Evo-Haus Gmbh zusammen mit HANEN-Architekten angetreten, das Wohn-und Gesch\u00e4ftsquartier komplett Co2 frei zu planen.<br>Diesem Projekt schloss sich auch die Sparkasse mit ihrem geplanten Wohnungsneubau an.<br>Jetzt steuert ein ausgekl\u00fcgeltes Energiemanagementsystem das Zusammenspiel der Nutzung des durch die PV-Anlagen der angegliederten Geb\u00e4ude erzeugten Stromes. Ebenso sorgt dieses System f\u00fcr den direkten Verbrauch durch die Geb\u00e4udneunutzer, f\u00fcr den Betrieb der Batteriespeicher und das Zusammenspiel mit den Grundwasserw\u00e4mepumpen als W\u00e4rmequelle f\u00fcr die angeschlossenen Heizsysteme .<br>Zur Verbesserung ihrer CO2 Bilanz war es f\u00fcr die Sparkasse auch wichtig, das in den 90iger Jahren erbaute Kundenzentrum an der Hauptstra\u00dfe 16 zu integrieren. Auch hier wollte man vom Verbrauch fossiler Energie auf erneuerbare Energie umsteigen. Dieses Geb\u00e4ude wird jetzt mit einer leistungsf\u00e4higen W\u00e4rmepumpe beheizt. Einen Schritt den wir Gr\u00fcne au\u00dferordentlich begr\u00fc\u00dfen.<br>Ein praktisches Beispiel, wie die W\u00e4rmewende mit dem Einsatz von W\u00e4rmepumpen auch in besonderen Bestandsgeb\u00e4uden,, wie dem Graben-Neudorfer Sparkassen-Kundenzentrum, funktioniert und hoffentlich viele zur Nachahmung motiviert.<\/p>\n","protected":false},"excerpt":{"rendered":"<p>Zur Inbetriebnahmen des Klimaquartiers Neue Mitte fand im Graben-Neudorfer Beratungszentrum der Sparkasse Karlsruhe in der Hauptstr. 16 am 18.Oktober eine feierliche Projekt-Pr\u00e4sentation statt.Als Gewinner der Ausschreibung zur Entwicklung der \u201eNeuen [&hellip;]<\/p>\n","protected":false},"author":-1,"featured_media":1174,"comment_status":"closed","ping_status":"closed","sticky":false,"template":"","format":"standard","meta":{"footnotes":""},"categories":[1],"tags":[],"class_list":["post-1173","post","type-post","status-publish","format-standard","has-post-thumbnail","hentry","category-aktuelles"],"_links":{"self":[{"href":"https:\/\/gruene-graben-neudorf.de\/index.php?rest_route=\/wp\/v2\/posts\/1173","targetHints":{"allow":["GET"]}}],"collection":[{"href":"https:\/\/gruene-graben-neudorf.de\/index.php?rest_route=\/wp\/v2\/posts"}],"about":[{"href":"https:\/\/gruene-graben-neudorf.de\/index.php?rest_route=\/wp\/v2\/types\/post"}],"author":[{"embeddable":true,"href":"https:\/\/gruene-graben-neudorf.de\/index.php?rest_route=\/wp\/v2\/users\/1"}],"replies":[{"embeddable":true,"href":"https:\/\/gruene-graben-neudorf.de\/index.php?rest_route=%2Fwp%2Fv2%2Fcomments&post=1173"}],"version-history":[{"count":1,"href":"https:\/\/gruene-graben-neudorf.de\/index.php?rest_route=\/wp\/v2\/posts\/1173\/revisions"}],"predecessor-version":[{"id":1175,"href":"https:\/\/gruene-graben-neudorf.de\/index.php?rest_route=\/wp\/v2\/posts\/1173\/revisions\/1175"}],"wp:featuredmedia":[{"embeddable":true,"href":"https:\/\/gruene-graben-neudorf.de\/index.php?rest_route=\/wp\/v2\/media\/1174"}],"wp:attachment":[{"href":"https:\/\/gruene-graben-neudorf.de\/index.php?rest_route=%2Fwp%2Fv2%2Fmedia&parent=1173"}],"wp:term":[{"taxonomy":"category","embeddable":true,"href":"https:\/\/gruene-graben-neudorf.de\/index.php?rest_route=%2Fwp%2Fv2%2Fcategories&post=1173"},{"taxonomy":"post_tag","embeddable":true,"href":"https:\/\/gruene-graben-neudorf.de\/index.php?rest_route=%2Fwp%2Fv2%2Ftags&post=1173"}],"curies":[{"name":"wp","href":"https:\/\/api.w.org\/{rel}","templated":true}]}}