{"id":1169,"date":"2025-09-01T10:25:43","date_gmt":"2025-09-01T08:25:43","guid":{"rendered":"https:\/\/gruene-graben-neudorf.de\/?p=1169"},"modified":"2026-03-22T10:39:03","modified_gmt":"2026-03-22T09:39:03","slug":"landtagskandidat-pascal-haggenmueller-in-graben-neudorf","status":"publish","type":"post","link":"https:\/\/gruene-graben-neudorf.de\/?p=1169","title":{"rendered":"Landtagskandidat Pascal Haggenm\u00fcller in Graben-Neudorf"},"content":{"rendered":"\n<p>Zum Thema Klimafolgen-Anpassung war Pascal Haggenm\u00fcller am Donnerstag 28.08.2025 in\u00a0Graben-Neudorf.<\/p>\n\n\n\n<p>Mit einigen interessierten B\u00fcrgerinnen und B\u00fcrgern traf man sich in der Neuen Mitte im Klimawald.<\/p>\n\n\n\n<p>Dieser nur vor\u00fcbergehend installierte kleine Wald war Ausgangspunkt der Ausf\u00fchrungen des Ortsvorsitzenden Armin Gabler und des Landtagskandidaten und Landesvorsitzenden Pascal Haggenm\u00fcller.<\/p>\n\n\n\n<p>Die Informationen \u00fcber die in Graben-Neudorf schon getroffenen Ma\u00dfnahmen und die noch anstehenden Projekte konnten anhand der schon im kleinen Klimawald zu sp\u00fcrenden positiven Auswirkungen des Baum und Buschbestandes deutlich gemacht werden.<\/p>\n\n\n\n<p>Armin Gabler betonte die Bedeutung der B\u00e4ume f\u00fcr Abk\u00fchlung im Ortskern , sie verbessern die Luft und sorgen damit f\u00fcr eine bessere Lebensqualit\u00e4t in den Kommunen.<\/p>\n\n\n\n<p>Graben-Neudorf hat schon viel unternommen, aber mehr B\u00e4ume im Stra\u00dfenraum und auf Spielpl\u00e4tzen k\u00f6nnten dazukommen .<\/p>\n\n\n\n<p>Insbesondere Schotterg\u00e4rten sorgen f\u00fcr weitere Erhitzung dort, wo sie noch immer angelegt werden.<\/p>\n\n\n\n<p>Im Gemeindewald wird derzeit auf den Gebieten Waldbew\u00e4sserung und Maik\u00e4ferschutz geforscht. Damit stellt sich Graben-Neudorf als Labor f\u00fcr ganz Baden-W\u00fcrttemberg zur Verf\u00fcgung, um die Klimafolgen f\u00fcr W\u00e4lder zu erforschen und neue Wege zu finden, die Klimafolgen f\u00fcr Pflanzen, Tiere und <strong>Menschen<\/strong> zu verringern.<\/p>\n\n\n\n<p>Erg\u00e4nzt und in einen gr\u00f6\u00dferen Rahmen gestellt wurde die Thematik durch den Landtagskandidaten, der darauf hinwies , dass es weiterer landespolitischer Vorgaben bedarf, um die bereits erzielten Fortschritte im Klimaschutz und in der Klimafolgenanpassung zu verstetigen.<\/p>\n\n\n\n<p>Pascal Haggenm\u00fcller wies darauf hin, dass wir im ohnehin sehr hei\u00dfen Oberrheingraben leben &nbsp;und deshalb &nbsp;Hitzeschutzinseln in &nbsp;unseren St\u00e4dten und Gemeinden f\u00fcr die Bev\u00f6lkerung brauchen.<\/p>\n\n\n\n<p>&nbsp;Mit eine der gr\u00f6\u00dften Zukunftsaufgaben wird der Klimaschutz und die Klimafolgen-Anpassung sein .&nbsp;<\/p>\n","protected":false},"excerpt":{"rendered":"<p>Zum Thema Klimafolgen-Anpassung war Pascal Haggenm\u00fcller am Donnerstag 28.08.2025 in\u00a0Graben-Neudorf. Mit einigen interessierten B\u00fcrgerinnen und B\u00fcrgern traf man sich in der Neuen Mitte im Klimawald. Dieser nur vor\u00fcbergehend installierte kleine [&hellip;]<\/p>\n","protected":false},"author":-1,"featured_media":1170,"comment_status":"closed","ping_status":"closed","sticky":false,"template":"","format":"standard","meta":{"footnotes":""},"categories":[1,6],"tags":[],"class_list":["post-1169","post","type-post","status-publish","format-standard","has-post-thumbnail","hentry","category-aktuelles","category-klima"],"_links":{"self":[{"href":"https:\/\/gruene-graben-neudorf.de\/index.php?rest_route=\/wp\/v2\/posts\/1169","targetHints":{"allow":["GET"]}}],"collection":[{"href":"https:\/\/gruene-graben-neudorf.de\/index.php?rest_route=\/wp\/v2\/posts"}],"about":[{"href":"https:\/\/gruene-graben-neudorf.de\/index.php?rest_route=\/wp\/v2\/types\/post"}],"author":[{"embeddable":true,"href":"https:\/\/gruene-graben-neudorf.de\/index.php?rest_route=\/wp\/v2\/users\/1"}],"replies":[{"embeddable":true,"href":"https:\/\/gruene-graben-neudorf.de\/index.php?rest_route=%2Fwp%2Fv2%2Fcomments&post=1169"}],"version-history":[{"count":1,"href":"https:\/\/gruene-graben-neudorf.de\/index.php?rest_route=\/wp\/v2\/posts\/1169\/revisions"}],"predecessor-version":[{"id":1171,"href":"https:\/\/gruene-graben-neudorf.de\/index.php?rest_route=\/wp\/v2\/posts\/1169\/revisions\/1171"}],"wp:featuredmedia":[{"embeddable":true,"href":"https:\/\/gruene-graben-neudorf.de\/index.php?rest_route=\/wp\/v2\/media\/1170"}],"wp:attachment":[{"href":"https:\/\/gruene-graben-neudorf.de\/index.php?rest_route=%2Fwp%2Fv2%2Fmedia&parent=1169"}],"wp:term":[{"taxonomy":"category","embeddable":true,"href":"https:\/\/gruene-graben-neudorf.de\/index.php?rest_route=%2Fwp%2Fv2%2Fcategories&post=1169"},{"taxonomy":"post_tag","embeddable":true,"href":"https:\/\/gruene-graben-neudorf.de\/index.php?rest_route=%2Fwp%2Fv2%2Ftags&post=1169"}],"curies":[{"name":"wp","href":"https:\/\/api.w.org\/{rel}","templated":true}]}}