{"id":1165,"date":"2025-08-14T17:46:32","date_gmt":"2025-08-14T15:46:32","guid":{"rendered":"https:\/\/gruene-graben-neudorf.de\/?p=1165"},"modified":"2026-03-22T10:38:27","modified_gmt":"2026-03-22T09:38:27","slug":"ferienspass-2025-radtour-durch-wiese-und-wald-zum-wasser-und-zurueck","status":"publish","type":"post","link":"https:\/\/gruene-graben-neudorf.de\/?p=1165","title":{"rendered":"Ferienspa\u00df 2025 &#8211; Radtour durch Wiese und Wald zum Wasser und zur\u00fcck"},"content":{"rendered":"\n<p>Bei sch\u00f6nem Wetter trafen wir uns mit den Kindern im Rahmen des Ferienspa\u00df 2025 auf Fahrr\u00e4dern vor der Festhalle. Die R\u00e4der wurden gepr\u00fcft und hier und da noch etwas Luft nachgepumpt.<\/p>\n\n\n\n<p> Dann ging es los: zum Feuerwehrhaus, Hestlichweg und an der Adolf-Ku\u00dfmaul-Schule vorbei. Hier hie\u00df es erst mal Achtung, da Scherben auf dem Weg lagen, die vorsichtig umfahren wurden. Beim Flurbereinigungsdenkmal gab es die erste Reparaturpause. Nach einem kleinen Snack ging es weiter in den Wald zur Dicken Eiche. Beeindruckend ragt ihr inzwischen kahles Ge\u00e4st weit \u00fcber die anderen Baumwipfel hinaus. Manche Tierarten, k\u00f6nnen nur in solchen alten B\u00e4umen leben. Mit Hilfe eines Seils wurde der Stammumfang gemessen.<\/p>\n\n\n\n<p>Danach ging es weiter zu einer Pause an der Hirschgrabenh\u00fctte. Das n\u00e4chste Ziel war das Galgengrabenwehr, wo das Wasser \u00fcber die Wehrmauern ins Tiefgestade Richtung Bruchwiesen flie\u00dft. An diesem Wehr wurde fr\u00fcher das Wasser mit seiner begehrten n\u00e4hrstoffreichen Fracht f\u00fcr die Wiesenw\u00e4sserung und zur D\u00fcngung der Wiesen zwischen den Landbesitzern aufgeteilt, was zu so manchen Streitigkeiten f\u00fchrte.<br>Um herauszufinden, was das Gew\u00e4sser so bietet, stiegen wir mit Sieb und Eimer ausger\u00fcstet ins Wasser. Wasserl\u00e4ufer und R\u00fcckenschwimmer an der Wasseroberfl\u00e4che waren schnell entdeckt. Aber auch das St\u00f6bern im Schlamm und am Bewuchs des Bachrandes wurde belohnt. Neben kleinen Muscheln und Schnecken fanden wir auch K\u00f6cherfliegenlarven, kleine Bachflohkrebse, eine gro\u00dfe Eintagsfliegenlarve und sogar die Larve einer Kleinlibelle.<\/p>\n\n\n\n<p>Nachdem alle die Tiere ausgiebig betrachten konnten, wurden sie wieder vorsichtig zur\u00fcck in den Bach entlassen. Dann hie\u00df es, die F\u00fc\u00dfe abtrocknen, alles wieder einpacken und weiterfahren zum CVJM-Pl\u00e4tzle. Hier konnten sich die Kinder bei Spielen austoben oder helfen, Pizza zu belegen, auf die alle schon kr\u00e4ftig Hunger hatten.<\/p>\n\n\n\n<p>Im Nu war es auch Zeit zum Aufbruch f\u00fcr den Heimweg, zur\u00fcck zur Festhalle.<\/p>\n","protected":false},"excerpt":{"rendered":"<p>Bei sch\u00f6nem Wetter trafen wir uns mit den Kindern im Rahmen des Ferienspa\u00df 2025 auf Fahrr\u00e4dern vor der Festhalle. Die R\u00e4der wurden gepr\u00fcft und hier und da noch etwas Luft [&hellip;]<\/p>\n","protected":false},"author":-1,"featured_media":1166,"comment_status":"closed","ping_status":"closed","sticky":false,"template":"","format":"standard","meta":{"footnotes":""},"categories":[1],"tags":[],"class_list":["post-1165","post","type-post","status-publish","format-standard","has-post-thumbnail","hentry","category-aktuelles"],"_links":{"self":[{"href":"https:\/\/gruene-graben-neudorf.de\/index.php?rest_route=\/wp\/v2\/posts\/1165","targetHints":{"allow":["GET"]}}],"collection":[{"href":"https:\/\/gruene-graben-neudorf.de\/index.php?rest_route=\/wp\/v2\/posts"}],"about":[{"href":"https:\/\/gruene-graben-neudorf.de\/index.php?rest_route=\/wp\/v2\/types\/post"}],"author":[{"embeddable":true,"href":"https:\/\/gruene-graben-neudorf.de\/index.php?rest_route=\/wp\/v2\/users\/1"}],"replies":[{"embeddable":true,"href":"https:\/\/gruene-graben-neudorf.de\/index.php?rest_route=%2Fwp%2Fv2%2Fcomments&post=1165"}],"version-history":[{"count":1,"href":"https:\/\/gruene-graben-neudorf.de\/index.php?rest_route=\/wp\/v2\/posts\/1165\/revisions"}],"predecessor-version":[{"id":1167,"href":"https:\/\/gruene-graben-neudorf.de\/index.php?rest_route=\/wp\/v2\/posts\/1165\/revisions\/1167"}],"wp:featuredmedia":[{"embeddable":true,"href":"https:\/\/gruene-graben-neudorf.de\/index.php?rest_route=\/wp\/v2\/media\/1166"}],"wp:attachment":[{"href":"https:\/\/gruene-graben-neudorf.de\/index.php?rest_route=%2Fwp%2Fv2%2Fmedia&parent=1165"}],"wp:term":[{"taxonomy":"category","embeddable":true,"href":"https:\/\/gruene-graben-neudorf.de\/index.php?rest_route=%2Fwp%2Fv2%2Fcategories&post=1165"},{"taxonomy":"post_tag","embeddable":true,"href":"https:\/\/gruene-graben-neudorf.de\/index.php?rest_route=%2Fwp%2Fv2%2Ftags&post=1165"}],"curies":[{"name":"wp","href":"https:\/\/api.w.org\/{rel}","templated":true}]}}