{"id":1144,"date":"2025-03-26T16:28:56","date_gmt":"2025-03-26T15:28:56","guid":{"rendered":"https:\/\/gruene-graben-neudorf.de\/?p=1144"},"modified":"2025-03-26T16:28:58","modified_gmt":"2025-03-26T15:28:58","slug":"bundestagswahl-2025-sebastian-graesser-in-graben-neudorf-2","status":"publish","type":"post","link":"https:\/\/gruene-graben-neudorf.de\/?p=1144","title":{"rendered":"Landtagswahl 2026 &#8211; Pascal Haggenm\u00fcller als Kandidat f\u00fcr die Landtagswahl nominiert"},"content":{"rendered":"\n<p>Am 20.03.2025 wurde die Nominierungsversammlung f\u00fcr den Wahlkreis 30 Bretten im alten Rathaus in Bretten durchgef\u00fchrt.<\/p>\n\n\n\n<p>Als einziger Kandidat trat der gr\u00fcne Landesvorsitzende Pascal Haggenm\u00fcller an.<\/p>\n\n\n\n<p>Nach einer Vorstellungsrede und einer Fragerunde wurde er im ersten Wahlgang mit 100 % der Stimmen zum Direktkandidaten f\u00fcr die Landtagswahl im kommenden Jahr gew\u00e4hlt.<\/p>\n\n\n\n<p>Pascal steht f\u00fcr lebendige Demokratie, einen starken Rechtsstaat und Zusammenhalt in Vielfalt, in der alle Menschen in Freiheit und Sicherheit, in Anerkennung und Respekt leben k\u00f6nnen, geh\u00f6rt werden und Hass keinen Platz findet.<\/p>\n\n\n\n<p>Er setzt sich f\u00fcr Klimaschutz ein, der unser Land stark und unabh\u00e4ngig von Autokraten macht, aber bezahlbar f\u00fcr Mensch, Industrie und Handwerk ist.<\/p>\n\n\n\n<p>Dar\u00fcber hinaus steht er f\u00fcr die beste Bildung aller Kinder, damit es egal wird, wo man herkommt, f\u00fcr Bildungsgerechtigkeit, die allen Kindern gleiche Chancen bietet.<\/p>\n\n\n\n<p>Ersatzkandidatin Dr. Ute Kratzmeier wurde ebenfalls einstimmig gew\u00e4hlt und stellt sich voll und ganz hinter diese Ziele.<\/p>\n\n\n\n<p>Zus\u00e4tzlich ist ihr Tierschutz im Land ein wichtiges Anliegen.<\/p>\n\n\n\n<p>Der Wahlkreis hat mit Pascal Haggenm\u00fcller und Dr. Ute Kratzmeier zwei qualifizierte PolitikerInnen gew\u00e4hlt, die f\u00fcr die Gr\u00fcnen im Kreisverband Karlsruhe-Land im Wahlkampf antreten werden.<\/p>\n\n\n\n<p><\/p>\n\n\n\n<p><\/p>\n\n\n\n<p><\/p>\n","protected":false},"excerpt":{"rendered":"<p>Am 20.03.2025 wurde die Nominierungsversammlung f\u00fcr den Wahlkreis 30 Bretten im alten Rathaus in Bretten durchgef\u00fchrt. Als einziger Kandidat trat der gr\u00fcne Landesvorsitzende Pascal Haggenm\u00fcller an. Nach einer Vorstellungsrede und [&hellip;]<\/p>\n","protected":false},"author":-1,"featured_media":1145,"comment_status":"closed","ping_status":"open","sticky":false,"template":"","format":"standard","meta":{"footnotes":""},"categories":[1],"tags":[],"class_list":["post-1144","post","type-post","status-publish","format-standard","has-post-thumbnail","hentry","category-aktuelles"],"_links":{"self":[{"href":"https:\/\/gruene-graben-neudorf.de\/index.php?rest_route=\/wp\/v2\/posts\/1144","targetHints":{"allow":["GET"]}}],"collection":[{"href":"https:\/\/gruene-graben-neudorf.de\/index.php?rest_route=\/wp\/v2\/posts"}],"about":[{"href":"https:\/\/gruene-graben-neudorf.de\/index.php?rest_route=\/wp\/v2\/types\/post"}],"author":[{"embeddable":true,"href":"https:\/\/gruene-graben-neudorf.de\/index.php?rest_route=\/wp\/v2\/users\/1"}],"replies":[{"embeddable":true,"href":"https:\/\/gruene-graben-neudorf.de\/index.php?rest_route=%2Fwp%2Fv2%2Fcomments&post=1144"}],"version-history":[{"count":1,"href":"https:\/\/gruene-graben-neudorf.de\/index.php?rest_route=\/wp\/v2\/posts\/1144\/revisions"}],"predecessor-version":[{"id":1146,"href":"https:\/\/gruene-graben-neudorf.de\/index.php?rest_route=\/wp\/v2\/posts\/1144\/revisions\/1146"}],"wp:featuredmedia":[{"embeddable":true,"href":"https:\/\/gruene-graben-neudorf.de\/index.php?rest_route=\/wp\/v2\/media\/1145"}],"wp:attachment":[{"href":"https:\/\/gruene-graben-neudorf.de\/index.php?rest_route=%2Fwp%2Fv2%2Fmedia&parent=1144"}],"wp:term":[{"taxonomy":"category","embeddable":true,"href":"https:\/\/gruene-graben-neudorf.de\/index.php?rest_route=%2Fwp%2Fv2%2Fcategories&post=1144"},{"taxonomy":"post_tag","embeddable":true,"href":"https:\/\/gruene-graben-neudorf.de\/index.php?rest_route=%2Fwp%2Fv2%2Ftags&post=1144"}],"curies":[{"name":"wp","href":"https:\/\/api.w.org\/{rel}","templated":true}]}}