{"id":1107,"date":"2025-01-27T13:39:48","date_gmt":"2025-01-27T12:39:48","guid":{"rendered":"https:\/\/gruene-graben-neudorf.de\/?p=1107"},"modified":"2025-01-27T13:40:20","modified_gmt":"2025-01-27T12:40:20","slug":"bundestagswahl-2025-gruener-infostand-wochenmarkt-neue-mitte","status":"publish","type":"post","link":"https:\/\/gruene-graben-neudorf.de\/?p=1107","title":{"rendered":"Bundestagswahl 2025 &#8211; Gr\u00fcner Infostand Wochenmarkt Neue Mitte"},"content":{"rendered":"\n<p>Am Samstag den 25. Januar starteten wir den Bundestagswahlkampf mit einem Infostand auf dem Wochenmarkt Neue Mitte mit unserem Bundestagskandidat Sebastian Gr\u00e4sser.<\/p>\n\n\n\n<p>Wer mit uns ins Gespr\u00e4ch kommen m\u00f6chte hat auch an den kommenden Samstagen die M\u00f6glichkeit uns bei unserem Infostand zu besuchen.<\/p>\n","protected":false},"excerpt":{"rendered":"<p>Am Samstag den 25. Januar starteten wir den Bundestagswahlkampf mit einem Infostand auf dem Wochenmarkt Neue Mitte mit unserem Bundestagskandidat Sebastian Gr\u00e4sser. Wer mit uns ins Gespr\u00e4ch kommen m\u00f6chte hat [&hellip;]<\/p>\n","protected":false},"author":-1,"featured_media":1108,"comment_status":"closed","ping_status":"closed","sticky":false,"template":"","format":"standard","meta":{"footnotes":""},"categories":[1],"tags":[],"class_list":["post-1107","post","type-post","status-publish","format-standard","has-post-thumbnail","hentry","category-aktuelles"],"_links":{"self":[{"href":"https:\/\/gruene-graben-neudorf.de\/index.php?rest_route=\/wp\/v2\/posts\/1107","targetHints":{"allow":["GET"]}}],"collection":[{"href":"https:\/\/gruene-graben-neudorf.de\/index.php?rest_route=\/wp\/v2\/posts"}],"about":[{"href":"https:\/\/gruene-graben-neudorf.de\/index.php?rest_route=\/wp\/v2\/types\/post"}],"author":[{"embeddable":true,"href":"https:\/\/gruene-graben-neudorf.de\/index.php?rest_route=\/wp\/v2\/users\/1"}],"replies":[{"embeddable":true,"href":"https:\/\/gruene-graben-neudorf.de\/index.php?rest_route=%2Fwp%2Fv2%2Fcomments&post=1107"}],"version-history":[{"count":4,"href":"https:\/\/gruene-graben-neudorf.de\/index.php?rest_route=\/wp\/v2\/posts\/1107\/revisions"}],"predecessor-version":[{"id":1112,"href":"https:\/\/gruene-graben-neudorf.de\/index.php?rest_route=\/wp\/v2\/posts\/1107\/revisions\/1112"}],"wp:featuredmedia":[{"embeddable":true,"href":"https:\/\/gruene-graben-neudorf.de\/index.php?rest_route=\/wp\/v2\/media\/1108"}],"wp:attachment":[{"href":"https:\/\/gruene-graben-neudorf.de\/index.php?rest_route=%2Fwp%2Fv2%2Fmedia&parent=1107"}],"wp:term":[{"taxonomy":"category","embeddable":true,"href":"https:\/\/gruene-graben-neudorf.de\/index.php?rest_route=%2Fwp%2Fv2%2Fcategories&post=1107"},{"taxonomy":"post_tag","embeddable":true,"href":"https:\/\/gruene-graben-neudorf.de\/index.php?rest_route=%2Fwp%2Fv2%2Ftags&post=1107"}],"curies":[{"name":"wp","href":"https:\/\/api.w.org\/{rel}","templated":true}]}}