{"id":1095,"date":"2025-01-13T15:43:39","date_gmt":"2025-01-13T14:43:39","guid":{"rendered":"https:\/\/gruene-graben-neudorf.de\/?p=1095"},"modified":"2025-01-13T16:12:54","modified_gmt":"2025-01-13T15:12:54","slug":"bundestagswahl-2025-sebastian-graesser-in-graben-neudorf","status":"publish","type":"post","link":"https:\/\/gruene-graben-neudorf.de\/?p=1095","title":{"rendered":"Bundestagswahl 2025 &#8211; Sebastian Gr\u00e4sser in Graben-Neudorf"},"content":{"rendered":"\n<p>Liebe Graben-Neudorfer B\u00fcrgerinnen und B\u00fcrger,<br>mein Name ist Sebastian Gr\u00e4sser, ich bin 34 Jahre alt, Unternehmer und f\u00fcr die Wahl am 23. Februar Ihr Bundestagskandidat f\u00fcr B\u00fcndnis 90\/Die Gr\u00fcnen.<\/p>\n\n\n\n<p><\/p>\n\n\n\n<p><\/p>\n\n\n\n<p><\/p>\n\n\n\n<p>Durch diese vorgezogene Bundestagswahl in den Wintermonaten sind die M\u00f6glichkeiten zur direkten Begegnung leider etwas verk\u00fcrzt und eingeschr\u00e4nkt. Daher m\u00f6chte ich Sie und Euch auf diesem Weg zu einem kleinen virtuellen Spaziergang durch die Gemeinde einladen und dabei \u00fcber die politischen Themen sprechen, die mir wichtig sind. Dar\u00fcber hinaus k\u00f6nnen wir uns bei unserem Stand am 25. Januar oder per E-Mail via <a href=\"#\" data-unscramble=\"em.mp@52WTB\">BTWahl25@pm.me<\/a> gerne direkt austauschen \u2013 ich komme auch gerne auf ein Gespr\u00e4ch vorbei.<\/p>\n\n\n\n<div class=\"wp-block-media-text is-stacked-on-mobile\"><figure class=\"wp-block-media-text__media\"><img loading=\"lazy\" decoding=\"async\" width=\"800\" height=\"1200\" src=\"https:\/\/gruene-graben-neudorf.de\/wp-content\/uploads\/2025\/01\/Gr-Pfinzbruecke-800x1200.jpg\" alt=\"\" class=\"wp-image-1097 size-full\" srcset=\"https:\/\/gruene-graben-neudorf.de\/wp-content\/uploads\/2025\/01\/Gr-Pfinzbruecke-800x1200.jpg 800w, https:\/\/gruene-graben-neudorf.de\/wp-content\/uploads\/2025\/01\/Gr-Pfinzbruecke-400x600.jpg 400w, https:\/\/gruene-graben-neudorf.de\/wp-content\/uploads\/2025\/01\/Gr-Pfinzbruecke-768x1152.jpg 768w, https:\/\/gruene-graben-neudorf.de\/wp-content\/uploads\/2025\/01\/Gr-Pfinzbruecke-1024x1536.jpg 1024w, https:\/\/gruene-graben-neudorf.de\/wp-content\/uploads\/2025\/01\/Gr-Pfinzbruecke-1365x2048.jpg 1365w, https:\/\/gruene-graben-neudorf.de\/wp-content\/uploads\/2025\/01\/Gr-Pfinzbruecke-scaled.jpg 1707w\" sizes=\"auto, (max-width: 800px) 100vw, 800px\" \/><\/figure><div class=\"wp-block-media-text__content\">\n<p>Hier an der Pfinzbr\u00fccke beginnen wir mit unserem Spaziergang und sind auch schon mitten im ersten Thema. Die renaturierte Pfinz ist nicht nur ein kleines Refugium f\u00fcr V\u00f6gel und Insekten, sondern auch eine gr\u00fcne Lunge, die mit den B\u00e4umen am Flussrand f\u00fcr gute Luft, L\u00e4rmmilderung und im Sommer f\u00fcr wichtige K\u00fchle sorgt. Auch wenn es sich derzeit nicht so anf\u00fchlt, erinnern wir uns im Landkreis Karlsruhe an zahlreiche Hitzesommer und die damit verbundenen Belastungen \u2013 was in den kommenden Jahren erwartbar zunehmen wird. Zus\u00e4tzlich zum Klimaschutz geht es also um Klimaanpassung \u2013 wie wir unsere Orte so gestalten, dass sie Starkregen, Hitzewellen und D\u00fcrrejahre gut \u00fcberstehen. Bev\u00f6lkerungsschutz ist die wichtigste Staatsaufgabe und braucht verl\u00e4ssliche, langfristige Planung und Finanzierung.<br>Gleichzeitig sind begr\u00fcnte, hitzebest\u00e4ndige Ortsmitten auch ein St\u00fcck Lebensqualit\u00e4t \u2013 Menschen halten sich dort l\u00e4nger auf, was dem Gemeindeleben sowie dem lokalen Handel und der Gastronomie zutr\u00e4glich ist. Letztlich leben wir alle von, mit und in der Natur \u2013 sorgen wir daf\u00fcr, dass wir auch gut leben!<\/p>\n<\/div><\/div>\n\n\n\n<p><\/p>\n\n\n\n<figure class=\"wp-block-image size-large\"><img loading=\"lazy\" decoding=\"async\" width=\"800\" height=\"533\" src=\"https:\/\/gruene-graben-neudorf.de\/wp-content\/uploads\/2025\/01\/Gr-Pestalozi-Schule-800x533.jpg\" alt=\"\" class=\"wp-image-1099\" srcset=\"https:\/\/gruene-graben-neudorf.de\/wp-content\/uploads\/2025\/01\/Gr-Pestalozi-Schule-800x533.jpg 800w, https:\/\/gruene-graben-neudorf.de\/wp-content\/uploads\/2025\/01\/Gr-Pestalozi-Schule-400x267.jpg 400w, https:\/\/gruene-graben-neudorf.de\/wp-content\/uploads\/2025\/01\/Gr-Pestalozi-Schule-768x512.jpg 768w, https:\/\/gruene-graben-neudorf.de\/wp-content\/uploads\/2025\/01\/Gr-Pestalozi-Schule-1536x1024.jpg 1536w, https:\/\/gruene-graben-neudorf.de\/wp-content\/uploads\/2025\/01\/Gr-Pestalozi-Schule-2048x1365.jpg 2048w\" sizes=\"auto, (max-width: 800px) 100vw, 800px\" \/><\/figure>\n\n\n\n<p>Wissen ist die einzige Ressource, die nicht verbraucht, sondern mehr wird, wenn man sie benutzt. Deshalb ist eine gute Lernumgebung mit Aufenthalts- und Spielbereichen wichtig f\u00fcr die kommenden Generationen. Aktuell gibt es in Deutschland aber einen milliardenschweren Investitionsstau bei der Schulsanierung \u2013 da uns die Schuldenbremse daran hindert, in die Zukunft zu investieren. Zahlreiche Studien belegen, dass in dieser Lage jeder Euro, den wir in Bildung stecken, vier bis acht Euro an Wirtschaftsleistung in der Zukunft ergibt. Darum m\u00fcssen wir die Schuldenbremse reformieren und Investitionen in unser Land sowie unsere Infrastruktur erm\u00f6glichen. Bildungserfolg ist in Deutschland noch immer sehr stark vom Bildungsgrad der Eltern abh\u00e4ngig, was \u00e4u\u00dferst ungerecht ist und die F\u00e4higkeiten und Talente von vielen Kindern vernachl\u00e4ssigt.<\/p>\n\n\n\n<p>Dabei wird durch die Digitalisierung und den damit verbundenen Ver\u00e4nderungen im Arbeits- und Alltagsleben die Lernf\u00e4higkeit auch im Erwachsenenalter immer wichtiger. Neue Werkzeuge und Systeme, neue Risiken durch Cyberangriffe und Datenlecks sowie gro\u00dfe Ver\u00e4nderungen im Berufsbild durch k\u00fcnstliche Intelligenz und Augmented-Reality-Verfahren erfordern von uns allen immer wieder Fortbildung und zunehmend mehr Kompetenz im Umgang mit Technologie, im Privatleben genauso wie im Beruf.<\/p>\n\n\n\n<p>Ich sehe die Aufgabe der Bundesregierung deshalb darin, gemeinsam mit unseren europ\u00e4ischen Nachbarn verl\u00e4ssliche Regeln zu schaffen und damit die positiven Aspekte der Digitalisierung zu st\u00e4rken und Sch\u00e4den zu begrenzen: Schutz vor Betrugs- und Ausbeutungsmaschen sowie \u00dcberwachung, hohe Sicherheitsstandards und langlebige, leicht bedienbare Ger\u00e4te, die auch zwischen verschiedenen Anbietern funktionieren. Das, zusammen mit einer guten Bildungsinfrastruktur, schafft uns Verl\u00e4sslichkeit in der Ver\u00e4nderung.<\/p>\n\n\n\n<p><\/p>\n\n\n\n<p><\/p>\n\n\n\n<p><br>Die Lebenshilfe ist nicht nur ein wichtiger Ausbildungsbetrieb im Ort, sondern als Sozialtr\u00e4ger ein Teil unseres sozialen Auffangsystems. F\u00fcr viele Menschen ist unser Sozialstaat \u00fcberlebenswichtig \u2013 wer eine Behinderung hat, kranke Angeh\u00f6rige pflegt oder Nachwuchs bekommt, braucht Unterst\u00fctzung und Beratung. In der populistischen Debatte um den \u201czu teuren\u201d Sozialstaat fehlt mir nicht nur die Menschlichkeit, sondern auch der Weitblick \u2013 statt dass die Menschen durch verl\u00e4ssliche Unterst\u00fctzung mit ihrer Situation umgehen lernen und dann nach dem Solidarit\u00e4tsprinzip andere Menschen in Schwierigkeiten unterst\u00fctzen, fallen sie langfristig aus und werden zunehmend verzweifelter. Ganz klar: Kein Sozialstaat w\u00fcrde uns alle viel mehr kosten!<\/p>\n\n\n\n<figure class=\"wp-block-image size-large\"><img loading=\"lazy\" decoding=\"async\" width=\"800\" height=\"533\" src=\"https:\/\/gruene-graben-neudorf.de\/wp-content\/uploads\/2025\/01\/Gr-Lebenshilfe-800x533.jpg\" alt=\"\" class=\"wp-image-1098\" srcset=\"https:\/\/gruene-graben-neudorf.de\/wp-content\/uploads\/2025\/01\/Gr-Lebenshilfe-800x533.jpg 800w, https:\/\/gruene-graben-neudorf.de\/wp-content\/uploads\/2025\/01\/Gr-Lebenshilfe-400x267.jpg 400w, https:\/\/gruene-graben-neudorf.de\/wp-content\/uploads\/2025\/01\/Gr-Lebenshilfe-768x512.jpg 768w, https:\/\/gruene-graben-neudorf.de\/wp-content\/uploads\/2025\/01\/Gr-Lebenshilfe-1536x1024.jpg 1536w, https:\/\/gruene-graben-neudorf.de\/wp-content\/uploads\/2025\/01\/Gr-Lebenshilfe-2048x1365.jpg 2048w\" sizes=\"auto, (max-width: 800px) 100vw, 800px\" \/><\/figure>\n\n\n\n<p>F\u00fcr die Zukunft habe ich im Sozialbereich in erster Linie das Anliegen, Unterst\u00fctzung schnell und einfach zug\u00e4nglich zu machen. Die langwierigen und komplizierten Antr\u00e4ge sind nicht mehr lediglich ein \u00c4rgernis, sondern l\u00e4ngst ein Gerechtigkeitsproblem. Wer gerade mit dem Tod eines lieben Menschen umgehen oder f\u00fcr die n\u00e4chste Mietzahlung Geld braucht, hat nicht die Kapazit\u00e4t, seitenweise Antr\u00e4ge auszuf\u00fcllen oder zu recherchieren, an welchen Stellen es f\u00fcr die spezielle Situation Unterst\u00fctzung gibt.<\/p>\n\n\n\n<p>Ich m\u00f6chte einen Staat, der mitdenkt. Als Beispiel: Die Geburt eines Kindes muss im Krankenhaus dokumentiert und der Name beim Standesamt festgelegt werden. Die Eltern beantragen dann Kindergeld und Elterngeld. Die Mutter muss entsprechende Nachweise bei der Krankenkasse einreichen. Das sind f\u00fcnf Verwaltungen, die alle dieselbe Information brauchen. Wir brauchen stattdessen ein System, das den neuen Eltern alle wichtigen Informationen und Entscheidungen verst\u00e4ndlich und gesammelt pr\u00e4sentiert. Damit schaffen wir nicht nur mehr Barrierefreiheit und Gerechtigkeit, sondern schaffen auch Kapazit\u00e4ten in den Verwaltungen \u2013 damit die Menschen auf dem Amt wieder Zeit haben f\u00fcr die besonderen und schwierigen F\u00e4lle.<\/p>\n\n\n\n<p><\/p>\n","protected":false},"excerpt":{"rendered":"<p>Liebe Graben-Neudorfer B\u00fcrgerinnen und B\u00fcrger,mein Name ist Sebastian Gr\u00e4sser, ich bin 34 Jahre alt, Unternehmer und f\u00fcr die Wahl am 23. Februar Ihr Bundestagskandidat f\u00fcr B\u00fcndnis 90\/Die Gr\u00fcnen. Durch diese [&hellip;]<\/p>\n","protected":false},"author":-1,"featured_media":1102,"comment_status":"closed","ping_status":"closed","sticky":false,"template":"","format":"standard","meta":{"footnotes":""},"categories":[1],"tags":[],"class_list":["post-1095","post","type-post","status-publish","format-standard","has-post-thumbnail","hentry","category-aktuelles"],"_links":{"self":[{"href":"https:\/\/gruene-graben-neudorf.de\/index.php?rest_route=\/wp\/v2\/posts\/1095","targetHints":{"allow":["GET"]}}],"collection":[{"href":"https:\/\/gruene-graben-neudorf.de\/index.php?rest_route=\/wp\/v2\/posts"}],"about":[{"href":"https:\/\/gruene-graben-neudorf.de\/index.php?rest_route=\/wp\/v2\/types\/post"}],"author":[{"embeddable":true,"href":"https:\/\/gruene-graben-neudorf.de\/index.php?rest_route=\/wp\/v2\/users\/1"}],"replies":[{"embeddable":true,"href":"https:\/\/gruene-graben-neudorf.de\/index.php?rest_route=%2Fwp%2Fv2%2Fcomments&post=1095"}],"version-history":[{"count":6,"href":"https:\/\/gruene-graben-neudorf.de\/index.php?rest_route=\/wp\/v2\/posts\/1095\/revisions"}],"predecessor-version":[{"id":1105,"href":"https:\/\/gruene-graben-neudorf.de\/index.php?rest_route=\/wp\/v2\/posts\/1095\/revisions\/1105"}],"wp:featuredmedia":[{"embeddable":true,"href":"https:\/\/gruene-graben-neudorf.de\/index.php?rest_route=\/wp\/v2\/media\/1102"}],"wp:attachment":[{"href":"https:\/\/gruene-graben-neudorf.de\/index.php?rest_route=%2Fwp%2Fv2%2Fmedia&parent=1095"}],"wp:term":[{"taxonomy":"category","embeddable":true,"href":"https:\/\/gruene-graben-neudorf.de\/index.php?rest_route=%2Fwp%2Fv2%2Fcategories&post=1095"},{"taxonomy":"post_tag","embeddable":true,"href":"https:\/\/gruene-graben-neudorf.de\/index.php?rest_route=%2Fwp%2Fv2%2Ftags&post=1095"}],"curies":[{"name":"wp","href":"https:\/\/api.w.org\/{rel}","templated":true}]}}